{"id":99203,"date":"2025-08-31T22:00:04","date_gmt":"2025-09-01T01:00:04","guid":{"rendered":"https:\/\/noticiasbahia360.com.br\/?p=99203"},"modified":"2025-08-31T22:00:04","modified_gmt":"2025-09-01T01:00:04","slug":"46a-expofeira-espera-atrair-mais-de-50-mil-visitantes-por-dia-em-feira-de-santana-diz-secretario","status":"publish","type":"post","link":"https:\/\/noticiasbahia360.com.br\/?p=99203","title":{"rendered":"46\u00aa Expofeira espera atrair mais de 50 mil visitantes por dia em Feira de Santana, diz secret\u00e1rio"},"content":{"rendered":"<div>\n<div>\n<figure><img decoding=\"async\" src=\"http:\/\/noticiasbahia360.com.br\/wp-content\/uploads\/2025\/08\/wlVW6urA-expofeira-2024-foto-ed-santos-acorda-cidade3.jpg\" alt=\"Expofeira 2024\"><figcaption>Foto: Ed Santos \/ Acorda Cidade <\/figcaption><\/figure>\n<\/div>\n<p>Feira de Santana se prepara para receber mais uma edi\u00e7\u00e3o da tradicional Expofeira, exposi\u00e7\u00e3o agropecu\u00e1ria que chega, em 2025, \u00e0 sua 46\u00aa edi\u00e7\u00e3o. O evento acontece de <strong>7 a 14 de setembro, no Parque de Exposi\u00e7\u00f5es Jo\u00e3o Martins da Silva<\/strong>, e deve reunir um grande p\u00fablico. Segundo o secret\u00e1rio municipal de Agricultura e Recursos H\u00eddricos, Silvaney Ara\u00fajo, a expectativa \u00e9 receber mais de 50 mil visitantes por dia.<\/p>\n<p>\u201cEstamos esperando e preparados para receber 50 mil visitantes diariamente naquele parque. Ent\u00e3o, eu n\u00e3o tenho d\u00favida de que vamos fazer um grande evento e levar a Expofeira a ser um dos eventos mais importantes da fam\u00edlia feirense e da regi\u00e3o\u201d, declarou ao Acorda Cidade. <\/p>\n<p>Para garantir uma das maiores edi\u00e7\u00f5es j\u00e1 vistas, a Prefeitura de Feira est\u00e1 realizando uma s\u00e9rie de interven\u00e7\u00f5es estruturais no parque e nas vias de acesso. Segundo Silvaney, desde o dia 1\u00ba de agosto os trabalhos foram intensificados.<\/p>\n<p>Entre as melhorias, destacam-se a pavimenta\u00e7\u00e3o asf\u00e1ltica de avenidas internas, a cria\u00e7\u00e3o de uma nova pra\u00e7a, a amplia\u00e7\u00e3o da rede el\u00e9trica e melhorias no sistema de abastecimento de \u00e1gua.<\/p>\n<figure class=\"wp-block-image size-full\"><img fetchpriority=\"high\" fetchpriority=\"high\" decoding=\"async\" width=\"1200\" height=\"554\" src=\"http:\/\/noticiasbahia360.com.br\/wp-content\/uploads\/2025\/08\/Silvaney-Araujo-ft-paulo-jose-do-acorda-cidade.webp\" alt=\"46\u00aa Expofeira espera atrair mais de 50 mil visitantes por dia em Feira de Santana, diz secret\u00e1rio\" class=\"wp-image-586699\" srcset=\"https:\/\/uploads.acordacidade.com.br\/2025\/08\/Silvaney-Araujo-ft-paulo-jose-do-acorda-cidade-648x299.webp 648w, https:\/\/uploads.acordacidade.com.br\/2025\/08\/Silvaney-Araujo-ft-paulo-jose-do-acorda-cidade-984x454.webp 984w, https:\/\/uploads.acordacidade.com.br\/2025\/08\/Silvaney-Araujo-ft-paulo-jose-do-acorda-cidade-140x65.webp 140w, https:\/\/uploads.acordacidade.com.br\/2025\/08\/Silvaney-Araujo-ft-paulo-jose-do-acorda-cidade-424x196.webp 424w, https:\/\/uploads.acordacidade.com.br\/2025\/08\/Silvaney-Araujo-ft-paulo-jose-do-acorda-cidade-150x69.webp 150w, http:\/\/noticiasbahia360.com.br\/wp-content\/uploads\/2025\/08\/Silvaney-Araujo-ft-paulo-jose-do-acorda-cidade.webp 1200w\" sizes=\"(max-width: 1200px) 100vw, 1200px\"><figcaption class=\"wp-element-caption\">Silvaney Ara\u00fajo | Foto: Paulo Jos\u00e9\/Acorda Cidade<\/figcaption><\/figure>\n<p>\u201cA prefeitura como um todo est\u00e1 empenhada, com quase 100% das secretarias envolvidas (sa\u00fade, educa\u00e7\u00e3o, servi\u00e7os p\u00fablicos, meio ambiente) fazendo a manuten\u00e7\u00e3o, a limpeza e preparando aquele espa\u00e7o para a gente fazer um grande evento, como Feira de Santana e regi\u00e3o merecem. N\u00e3o tenho d\u00favidas de que vai ser uma das melhores e maiores exposi\u00e7\u00f5es j\u00e1 realizadas naquele parque\u201d, afirmou ao Acorda Cidade.<\/p>\n<p>Este ano, as pessoas poder\u00e3o contar com transporte coletivo gratuito para chegar \u00e0 Expofeira. Assim como em outras edi\u00e7\u00f5es, os coletivos deixar\u00e3o os passageiros pelo acesso da BR-324.<\/p>\n<p>O entorno do parque tamb\u00e9m est\u00e1 sendo preparado. Um corredor de \u00f4nibus ser\u00e1 implantado na Avenida Noide Cerqueira, buscando evitar congestionamentos como os registrados em anos anteriores.<\/p>\n<figure class=\"wp-block-image size-full is-resized\"><img decoding=\"async\" width=\"640\" height=\"427\" src=\"http:\/\/noticiasbahia360.com.br\/wp-content\/uploads\/2025\/08\/jjDOq7MW-estandes-expofeira-foto-Danielly-Cerqueira-jpg.webp\" alt=\"feira produtiva expofeira\" class=\"wp-image-436616\" style=\"width:840px;height:auto\" srcset=\"https:\/\/uploads.acordacidade.com.br\/2024\/08\/jjDOq7MW-estandes-expofeira-foto-Danielly-Cerqueira-150x100.webp 150w, http:\/\/noticiasbahia360.com.br\/wp-content\/uploads\/2025\/08\/jjDOq7MW-estandes-expofeira-foto-Danielly-Cerqueira-jpg.webp 640w\" sizes=\"(max-width: 640px) 100vw, 640px\"><figcaption class=\"wp-element-caption\">Foto: Danielly Cerqueira<\/figcaption><\/figure>\n<p>Ainda segundo Silvaney, a 46\u00aa Expofeira j\u00e1 demonstra grande ades\u00e3o por parte dos expositores. Todos os estandes foram comercializados, e a presen\u00e7a de grandes empreendedores do setor agropecu\u00e1rio tamb\u00e9m j\u00e1 est\u00e1 confirmada.<\/p>\n<p>\u201cTodos os estandes vendidos, todos os espa\u00e7os vendidos, uma confirma\u00e7\u00e3o muito grande de expositores que vivem o mundo do agro, que \u00e9 t\u00e3o importante para a nossa economia. Feira de Santana sempre foi a grande vitrine do agro para o Nordeste. E isso tem que continuar crescendo, mostrando o que a gente tem de melhor\u201d, afirmou.<\/p>\n<p>O balan\u00e7o total dos investimentos na festa ainda n\u00e3o foi divulgado.<\/p>\n<p><em>Com informa\u00e7\u00f5es do rep\u00f3rter Paulo Jos\u00e9 do Acorda Cidade<\/em><\/p>\n<p><em>Siga o Acorda Cidade no<\/em><a href=\"https:\/\/news.google.com\/search?q=acorda%20cidade&amp;hl=pt-BR&amp;gl=BR&amp;ceid=BR%3Apt-419\"><strong><em>\u00a0Google Not\u00edcias<\/em><\/strong><\/a><em>\u00a0e receba os principais destaques do dia. Participe tamb\u00e9m dos nossos canais no\u00a0<\/em><a href=\"https:\/\/www.whatsapp.com\/channel\/0029Va6Rb4v3WHTNnsh8WI3N\"><strong><em>WhatsApp<\/em><\/strong><\/a><em>\u00a0e\u00a0<\/em><a href=\"https:\/\/www.youtube.com\/@acordacidadenoticias\/videos\"><strong>Youtube<\/strong><\/a><em>\u00a0e grupo de\u00a0<\/em><a href=\"https:\/\/t.me\/+sSz0khrgARA0ZmRh\"><strong><em>Telegram<\/em><\/strong><\/a><em>.<\/em><\/p>\n<\/div>\n","protected":false},"excerpt":{"rendered":"<div>\n<div>\n<figure><img decoding=\"async\" src=\"https:\/\/uploads.acordacidade.com.br\/2024\/09\/wlVW6urA-expofeira-2024-foto-ed-santos-acorda-cidade3.jpg\" alt=\"Expofeira 2024\"><figcaption>Foto: Ed Santos \/ Acorda Cidade <\/figcaption><\/figure>\n<\/div>\n<p>A Expofeira acontece de 7 a 14 de setembro, no Parque de Exposi\u00e7\u00f5es Jo\u00e3o Martins da Silva, em Feira de Santana.<\/p><\/div>\n","protected":false},"author":1,"featured_media":99204,"comment_status":"closed","ping_status":"closed","sticky":false,"template":"","format":"gallery","meta":{"footnotes":""},"categories":[8,9,6,57,56,10],"tags":[],"class_list":["post-99203","post","type-post","status-publish","format-gallery","has-post-thumbnail","hentry","category-bahia","category-brasil","category-feira-de-santana","category-mundo","category-policia","category-politica","post_format-post-format-gallery"],"featured_image_urls":{"full":["https:\/\/noticiasbahia360.com.br\/wp-content\/uploads\/2025\/08\/wlVW6urA-expofeira-2024-foto-ed-santos-acorda-cidade3.jpg",640,360,false],"thumbnail":["https:\/\/noticiasbahia360.com.br\/wp-content\/uploads\/2025\/08\/wlVW6urA-expofeira-2024-foto-ed-santos-acorda-cidade3-150x150.jpg",150,150,true],"medium":["https:\/\/noticiasbahia360.com.br\/wp-content\/uploads\/2025\/08\/wlVW6urA-expofeira-2024-foto-ed-santos-acorda-cidade3-300x169.jpg",300,169,true],"medium_large":["https:\/\/noticiasbahia360.com.br\/wp-content\/uploads\/2025\/08\/wlVW6urA-expofeira-2024-foto-ed-santos-acorda-cidade3.jpg",640,360,false],"large":["https:\/\/noticiasbahia360.com.br\/wp-content\/uploads\/2025\/08\/wlVW6urA-expofeira-2024-foto-ed-santos-acorda-cidade3.jpg",640,360,false],"1536x1536":["https:\/\/noticiasbahia360.com.br\/wp-content\/uploads\/2025\/08\/wlVW6urA-expofeira-2024-foto-ed-santos-acorda-cidade3.jpg",640,360,false],"2048x2048":["https:\/\/noticiasbahia360.com.br\/wp-content\/uploads\/2025\/08\/wlVW6urA-expofeira-2024-foto-ed-santos-acorda-cidade3.jpg",640,360,false],"chromenews-featured":["https:\/\/noticiasbahia360.com.br\/wp-content\/uploads\/2025\/08\/wlVW6urA-expofeira-2024-foto-ed-santos-acorda-cidade3.jpg",640,360,false],"chromenews-large":["https:\/\/noticiasbahia360.com.br\/wp-content\/uploads\/2025\/08\/wlVW6urA-expofeira-2024-foto-ed-santos-acorda-cidade3.jpg",640,360,false],"chromenews-medium":["https:\/\/noticiasbahia360.com.br\/wp-content\/uploads\/2025\/08\/wlVW6urA-expofeira-2024-foto-ed-santos-acorda-cidade3-590x360.jpg",590,360,true]},"author_info":{"display_name":"noticiasbahia360.com.br","author_link":"https:\/\/noticiasbahia360.com.br\/?author=1"},"category_info":"<a href=\"https:\/\/noticiasbahia360.com.br\/?cat=8\" rel=\"category\">Bahia<\/a> <a href=\"https:\/\/noticiasbahia360.com.br\/?cat=9\" rel=\"category\">Brasil<\/a> <a href=\"https:\/\/noticiasbahia360.com.br\/?cat=6\" rel=\"category\">Feira de Santana<\/a> <a href=\"https:\/\/noticiasbahia360.com.br\/?cat=57\" rel=\"category\">Mundo<\/a> <a href=\"https:\/\/noticiasbahia360.com.br\/?cat=56\" rel=\"category\">Pol\u00edcia<\/a> <a href=\"https:\/\/noticiasbahia360.com.br\/?cat=10\" rel=\"category\">Pol\u00edtica<\/a>","tag_info":"Pol\u00edtica","comment_count":"0","_links":{"self":[{"href":"https:\/\/noticiasbahia360.com.br\/index.php?rest_route=\/wp\/v2\/posts\/99203","targetHints":{"allow":["GET"]}}],"collection":[{"href":"https:\/\/noticiasbahia360.com.br\/index.php?rest_route=\/wp\/v2\/posts"}],"about":[{"href":"https:\/\/noticiasbahia360.com.br\/index.php?rest_route=\/wp\/v2\/types\/post"}],"author":[{"embeddable":true,"href":"https:\/\/noticiasbahia360.com.br\/index.php?rest_route=\/wp\/v2\/users\/1"}],"replies":[{"embeddable":true,"href":"https:\/\/noticiasbahia360.com.br\/index.php?rest_route=%2Fwp%2Fv2%2Fcomments&post=99203"}],"version-history":[{"count":0,"href":"https:\/\/noticiasbahia360.com.br\/index.php?rest_route=\/wp\/v2\/posts\/99203\/revisions"}],"wp:featuredmedia":[{"embeddable":true,"href":"https:\/\/noticiasbahia360.com.br\/index.php?rest_route=\/wp\/v2\/media\/99204"}],"wp:attachment":[{"href":"https:\/\/noticiasbahia360.com.br\/index.php?rest_route=%2Fwp%2Fv2%2Fmedia&parent=99203"}],"wp:term":[{"taxonomy":"category","embeddable":true,"href":"https:\/\/noticiasbahia360.com.br\/index.php?rest_route=%2Fwp%2Fv2%2Fcategories&post=99203"},{"taxonomy":"post_tag","embeddable":true,"href":"https:\/\/noticiasbahia360.com.br\/index.php?rest_route=%2Fwp%2Fv2%2Ftags&post=99203"}],"curies":[{"name":"wp","href":"https:\/\/api.w.org\/{rel}","templated":true}]}}