{"id":99214,"date":"2025-09-01T07:51:53","date_gmt":"2025-09-01T10:51:53","guid":{"rendered":"https:\/\/noticiasbahia360.com.br\/?p=99214"},"modified":"2025-09-01T07:51:53","modified_gmt":"2025-09-01T10:51:53","slug":"embarcacao-afunda-em-salvador-durante-show-de-pagode-e-instrumentos-vao-parar-no-mar","status":"publish","type":"post","link":"https:\/\/noticiasbahia360.com.br\/?p=99214","title":{"rendered":"Embarca\u00e7\u00e3o afunda em Salvador durante show de pagode e instrumentos v\u00e3o parar no mar"},"content":{"rendered":"<div>\n<div>\n<figure><img decoding=\"async\" src=\"http:\/\/noticiasbahia360.com.br\/wp-content\/uploads\/2025\/09\/banda-de-pagode-o-cinico-salvador-foto-redes-sociais-2.jpg\" alt=\"Banda de Pagode o C\u00ednico\"><figcaption>Foto: Redes Sociais<\/figcaption><\/figure>\n<\/div>\n<p>Uma balsa naufragou na tarde de domingo (31), na orla da Ribeira, em <a href=\"https:\/\/www.acordacidade.com.br\/tag\/salvador-3\/\">Salvador<\/a>, durante uma festa improvisada que tinha a banda de pagode <strong>O C\u00ednico<\/strong> como atra\u00e7\u00e3o. Apesar do susto, ningu\u00e9m ficou ferido.<\/p>\n<p>De acordo com o Portal g1, v\u00eddeos que circulam nas redes sociais mostram o momento em que diversas pessoas entram no mar para resgatar instrumentos musicais que ca\u00edram na \u00e1gua.<\/p>\n<figure class=\"wp-block-image size-full\"><img fetchpriority=\"high\" fetchpriority=\"high\" decoding=\"async\" width=\"1200\" height=\"664\" src=\"http:\/\/noticiasbahia360.com.br\/wp-content\/uploads\/2025\/09\/banda-de-pagode-o-cinico-salvador-foto-redes-sociais.jpg\" alt=\"Banda de Pagode o C\u00ednico\" class=\"wp-image-586725\" srcset=\"https:\/\/uploads.acordacidade.com.br\/2025\/09\/banda-de-pagode-o-cinico-salvador-foto-redes-sociais-648x359.jpg 648w, https:\/\/uploads.acordacidade.com.br\/2025\/09\/banda-de-pagode-o-cinico-salvador-foto-redes-sociais-984x544.jpg 984w, https:\/\/uploads.acordacidade.com.br\/2025\/09\/banda-de-pagode-o-cinico-salvador-foto-redes-sociais-140x77.jpg 140w, https:\/\/uploads.acordacidade.com.br\/2025\/09\/banda-de-pagode-o-cinico-salvador-foto-redes-sociais-424x235.jpg 424w, https:\/\/uploads.acordacidade.com.br\/2025\/09\/banda-de-pagode-o-cinico-salvador-foto-redes-sociais-150x83.jpg 150w, http:\/\/noticiasbahia360.com.br\/wp-content\/uploads\/2025\/09\/banda-de-pagode-o-cinico-salvador-foto-redes-sociais.jpg 1200w\" sizes=\"(max-width: 1200px) 100vw, 1200px\"><figcaption class=\"wp-element-caption\">Foto: Redes Sociais<\/figcaption><\/figure>\n<p>Em nota, a <strong>Marinha do Brasil<\/strong>, por meio da Capitania dos Portos da Bahia (CPBA), informou que n\u00e3o foi previamente comunicada sobre a realiza\u00e7\u00e3o do evento, como determinam as normas vigentes. A institui\u00e7\u00e3o destacou ainda que a comunica\u00e7\u00e3o \u00e9 responsabilidade exclusiva do organizador e que medidas ser\u00e3o tomadas para identificar e responsabilizar os envolvidos.<\/p>\n<p>Nas redes sociais, o vocalista da banda, <strong>\u00c9 O C\u00ednico<\/strong>, lamentou o ocorrido. Ele explicou que o naufr\u00e1gio foi provocado por excesso de peso na embarca\u00e7\u00e3o e confirmou a perda de alguns instrumentos e equipamentos de som.<\/p>\n<p>\u201cGra\u00e7as a Deus todo mundo est\u00e1 bem. N\u00e3o houve feridos, nem afogamentos. O importante \u00e9 isso. O resto a gente corre atr\u00e1s, constr\u00f3i de novo e segue em frente\u201d, declarou o cantor.<\/p>\n<p><em>Siga o Acorda Cidade no<\/em><a href=\"https:\/\/news.google.com\/search?q=acorda%20cidade&amp;hl=pt-BR&amp;gl=BR&amp;ceid=BR%3Apt-419\"><strong><em> Google Not\u00edcias<\/em><\/strong><\/a><em> e receba os principais destaques do dia. Participe tamb\u00e9m dos nossos canais no <\/em><a href=\"https:\/\/www.whatsapp.com\/channel\/0029Va6Rb4v3WHTNnsh8WI3N\"><strong><em>WhatsApp<\/em><\/strong><\/a><em> e <\/em><a href=\"https:\/\/www.youtube.com\/@acordacidadenoticias\/videos\"><strong>YouTube<\/strong><\/a><em> e grupo de <\/em><a href=\"https:\/\/t.me\/+sSz0khrgARA0ZmRh\"><strong><em>Telegram<\/em><\/strong><\/a><em>.<\/em><\/p>\n<\/div>\n","protected":false},"excerpt":{"rendered":"<div>\n<div>\n<figure><img decoding=\"async\" src=\"https:\/\/uploads.acordacidade.com.br\/2025\/09\/banda-de-pagode-o-cinico-salvador-foto-redes-sociais-2.jpg\" alt=\"Banda de Pagode o C\u00ednico\"><figcaption>Foto: Redes Sociais<\/figcaption><\/figure>\n<\/div>\n<p>O vocalista explicou que o naufr\u00e1gio foi provocado por excesso de peso na embarca\u00e7\u00e3o e confirmou a perda de alguns instrumentos.<\/p><\/div>\n","protected":false},"author":1,"featured_media":99215,"comment_status":"closed","ping_status":"closed","sticky":false,"template":"","format":"gallery","meta":{"footnotes":""},"categories":[8,9,6,57,56,10],"tags":[],"class_list":["post-99214","post","type-post","status-publish","format-gallery","has-post-thumbnail","hentry","category-bahia","category-brasil","category-feira-de-santana","category-mundo","category-policia","category-politica","post_format-post-format-gallery"],"featured_image_urls":{"full":["https:\/\/noticiasbahia360.com.br\/wp-content\/uploads\/2025\/09\/banda-de-pagode-o-cinico-salvador-foto-redes-sociais-2.jpg",1200,800,false],"thumbnail":["https:\/\/noticiasbahia360.com.br\/wp-content\/uploads\/2025\/09\/banda-de-pagode-o-cinico-salvador-foto-redes-sociais-2-150x150.jpg",150,150,true],"medium":["https:\/\/noticiasbahia360.com.br\/wp-content\/uploads\/2025\/09\/banda-de-pagode-o-cinico-salvador-foto-redes-sociais-2-300x200.jpg",300,200,true],"medium_large":["https:\/\/noticiasbahia360.com.br\/wp-content\/uploads\/2025\/09\/banda-de-pagode-o-cinico-salvador-foto-redes-sociais-2-768x512.jpg",640,427,true],"large":["https:\/\/noticiasbahia360.com.br\/wp-content\/uploads\/2025\/09\/banda-de-pagode-o-cinico-salvador-foto-redes-sociais-2-1024x683.jpg",640,427,true],"1536x1536":["https:\/\/noticiasbahia360.com.br\/wp-content\/uploads\/2025\/09\/banda-de-pagode-o-cinico-salvador-foto-redes-sociais-2.jpg",1200,800,false],"2048x2048":["https:\/\/noticiasbahia360.com.br\/wp-content\/uploads\/2025\/09\/banda-de-pagode-o-cinico-salvador-foto-redes-sociais-2.jpg",1200,800,false],"chromenews-featured":["https:\/\/noticiasbahia360.com.br\/wp-content\/uploads\/2025\/09\/banda-de-pagode-o-cinico-salvador-foto-redes-sociais-2-1024x683.jpg",1024,683,true],"chromenews-large":["https:\/\/noticiasbahia360.com.br\/wp-content\/uploads\/2025\/09\/banda-de-pagode-o-cinico-salvador-foto-redes-sociais-2-825x575.jpg",825,575,true],"chromenews-medium":["https:\/\/noticiasbahia360.com.br\/wp-content\/uploads\/2025\/09\/banda-de-pagode-o-cinico-salvador-foto-redes-sociais-2-590x410.jpg",590,410,true]},"author_info":{"display_name":"noticiasbahia360.com.br","author_link":"https:\/\/noticiasbahia360.com.br\/?author=1"},"category_info":"<a href=\"https:\/\/noticiasbahia360.com.br\/?cat=8\" rel=\"category\">Bahia<\/a> <a href=\"https:\/\/noticiasbahia360.com.br\/?cat=9\" rel=\"category\">Brasil<\/a> <a href=\"https:\/\/noticiasbahia360.com.br\/?cat=6\" rel=\"category\">Feira de Santana<\/a> <a href=\"https:\/\/noticiasbahia360.com.br\/?cat=57\" rel=\"category\">Mundo<\/a> <a href=\"https:\/\/noticiasbahia360.com.br\/?cat=56\" rel=\"category\">Pol\u00edcia<\/a> <a href=\"https:\/\/noticiasbahia360.com.br\/?cat=10\" rel=\"category\">Pol\u00edtica<\/a>","tag_info":"Pol\u00edtica","comment_count":"0","_links":{"self":[{"href":"https:\/\/noticiasbahia360.com.br\/index.php?rest_route=\/wp\/v2\/posts\/99214","targetHints":{"allow":["GET"]}}],"collection":[{"href":"https:\/\/noticiasbahia360.com.br\/index.php?rest_route=\/wp\/v2\/posts"}],"about":[{"href":"https:\/\/noticiasbahia360.com.br\/index.php?rest_route=\/wp\/v2\/types\/post"}],"author":[{"embeddable":true,"href":"https:\/\/noticiasbahia360.com.br\/index.php?rest_route=\/wp\/v2\/users\/1"}],"replies":[{"embeddable":true,"href":"https:\/\/noticiasbahia360.com.br\/index.php?rest_route=%2Fwp%2Fv2%2Fcomments&post=99214"}],"version-history":[{"count":0,"href":"https:\/\/noticiasbahia360.com.br\/index.php?rest_route=\/wp\/v2\/posts\/99214\/revisions"}],"wp:featuredmedia":[{"embeddable":true,"href":"https:\/\/noticiasbahia360.com.br\/index.php?rest_route=\/wp\/v2\/media\/99215"}],"wp:attachment":[{"href":"https:\/\/noticiasbahia360.com.br\/index.php?rest_route=%2Fwp%2Fv2%2Fmedia&parent=99214"}],"wp:term":[{"taxonomy":"category","embeddable":true,"href":"https:\/\/noticiasbahia360.com.br\/index.php?rest_route=%2Fwp%2Fv2%2Fcategories&post=99214"},{"taxonomy":"post_tag","embeddable":true,"href":"https:\/\/noticiasbahia360.com.br\/index.php?rest_route=%2Fwp%2Fv2%2Ftags&post=99214"}],"curies":[{"name":"wp","href":"https:\/\/api.w.org\/{rel}","templated":true}]}}